{"id":1579,"date":"2025-12-22T15:51:23","date_gmt":"2025-12-22T14:51:23","guid":{"rendered":"https:\/\/sebastianskowronski.com\/cms\/?p=1579"},"modified":"2026-01-21T16:11:46","modified_gmt":"2026-01-21T15:11:46","slug":"biografia","status":"publish","type":"post","link":"https:\/\/sebastianskowronski.com\/cms\/biografia","title":{"rendered":"Biografia"},"content":{"rendered":"<p>Sebastian Skowro\u0144ski, pseud.Fojbos (ur.1976, \u0141\u00f3d\u017a), w 2011 roku uko\u0144czy\u0142 Akademi\u0119 Sztuk Pi\u0119knych im. W\u0142adys\u0142awa Strzemi\u0144skiego w \u0141odzi, gdzie obroni\u0142 dyplom magisterski w Pracowni Technik Drzeworytniczych i Ksi\u0105\u017cki Artystycznej oraz wykona\u0142 aneks z malarstwa u prof. Andrzeja Mariana Bartczaka. Na co dzie\u0144, zawodowo realizuje si\u0119 we w\u0142asnej pracowni. Tworzy w zakresie grafiki warsztatowej, rysunku, malarstwa i fotografii.<\/p>\n<h2>Osi\u0105gni\u0119cia<\/h2>\n<p>2016\/2018 &#8211; Laureat konkursu Sztuka Teraz. Wystawa w Muzeum Narodowym w Krakowie<br \/>\n2017 \u2013 nominacja do udzia\u0142u w albumie The Best Polish Illustrators 3, Fundacja SLOW z siedzib\u0105 w Warszawie, Polska<br \/>\n2016 \u2013 nominacja do nagrody the 4th Graphic Art Biennial of Szeklerland, Transylvanian Art Center, Sfantu Gheorghe, Rumunia<\/p>\n<h5>Wystawy indywidualne<\/h5>\n<p>2024 &#8211; \u201eMoja droga do dojrza\u0142o\u015bci\u201d &#8211; grafika i rysunek, Galeria Podlaska, Bia\u0142a Podlaska<br \/>\n2020 \u2013 \u201eCia\u0142o jest boskie\u201d &#8211; grafika i rysunek, miejsce kreatywne Kipisz, \u0141\u00f3d\u017a<br \/>\n2020 \u2013 \u201eOdbicie istnienia\u201d &#8211; grafika, Galeria Pop&#8217;n&#8217;Art, \u0141\u00f3d\u017a<\/p>\n<h5>Wystawy zbiorowe<\/h5>\n<p>&#8211; \u0141\u00f3d\u017a, Galeria S35, Wszystko na sprzeda\u017c vol.2, 2024<br \/>\n&#8211; Bia\u0142a Podlaska, Galeria Podlaska, Park Sztuki &#8211; dzia\u0142ania artystyczne w przestrzeni, 2024<br \/>\n&#8211; Cieszyn, Instytut Sztuk Plastycznych Uniwersytet \u015al\u0105ski w Katowicach, XI Triennale Polskiego Rysunku Wsp\u00f3\u0142czesnego Lubacz\u00f3w, 2024<br \/>\n&#8211; \u0141\u00f3d\u017a, Miejska Galeria Sztuki, XI Triennale Polskiego Rysunku Wsp\u00f3\u0142czesnego Lubacz\u00f3w, 2024<br \/>\n&#8211; \u0141\u00f3d\u017a, Galeria ASP, Sztuka za Sztuk\u0119, 2024<br \/>\n&#8211; Warszawa, Galeria Sztuki TEST, XI Triennale Polskiego Rysunku Wsp\u00f3\u0142czesnego Lubacz\u00f3w, 2024<br \/>\n&#8211; \u0141\u00f3d\u017a, Galeria Willa, 18.Mi\u0119dzynarodowe Triennale Ma\u0142e Formy Grafiki, 2023<br \/>\n&#8211; Lubacz\u00f3w, Muzeum Kres\u00f3w w Lubaczowie, XI Triennale Polskiego Rysunku Wsp\u00f3\u0142czesnego, 2023<br \/>\n&#8211; Niemcy, Pforzheim, Galerie Brotzinger Art, 11.Mi\u0119dzynarodowe Biennale Miniatury, 2021<br \/>\n&#8211; Rzesz\u00f3w, Galeria Fotografii Miasta Rzeszowa, 11.Mi\u0119dzynarodowe Biennale Miniatury, 2021<br \/>\n&#8211; Tarn\u00f3w, Galeria BWA, 11.Mi\u0119dzynarodowe Biennale Miniatury, 2021<br \/>\n&#8211; Warszawa, Galeria TEST, 11.Mi\u0119dzynarodowe Biennale Miniatury, 2021<br \/>\n&#8211; D\u0105browa G\u00f3rnicza, Pa\u0142ac Kultury Zag\u0142\u0119bia, 11.Mi\u0119dzynarodowe Biennale Miniatury, 2021<br \/>\n&#8211; Krak\u00f3w, Nowohuckie Centrum Kultury, 11.Mi\u0119dzynarodowe Biennale Miniatury, 2021<br \/>\n&#8211; \u0141\u00f3d\u017a, Galeria Willa, 17.Mi\u0119dzynarodowe Triennale Ma\u0142e Formy Grafiki, 2020<br \/>\n&#8211; Pi\u0142a, Galeria Muzeum Stanis\u0142awa Staszica, 11.Mi\u0119dzynarodowe Biennale Miniatury, 2020<br \/>\n&#8211; Cz\u0119stochowa, Galeria OPK &#8222;Gaude Mater&#8221;, 11.Mi\u0119dzynarodowe Biennale Miniatury, 2020<br \/>\n&#8211; Rzesz\u00f3w, Galeria Fotografii Miasta Rzeszowa, 10.Mi\u0119dzynarodowe Biennale Miniatury, 2019<br \/>\n&#8211; Niemcy, Pforzheim, Galerie Brotzinger Art, 10.Mi\u0119dzynarodowe Biennale Miniatury, 2019<br \/>\n&#8211; Warszawa, Galeria TEST, 10.Mi\u0119dzynarodowe Biennale Miniatury, 2019<br \/>\n&#8211; Tarn\u00f3w, Galeria \u201eNiebieska\u201d Miejskiej Biblioteki, 10.Mi\u0119dzynarodowe Biennale Miniatury, 2019<br \/>\n&#8211; Krak\u00f3w, Nowohuckie Centrum Kultury, 10.Mi\u0119dzynarodowe Biennale Miniatury, 2019<br \/>\n&#8211; D\u0105browa G\u00f3rnicza, Pa\u0142ac Kultury Zag\u0142\u0119bia, 10.Mi\u0119dzynarodowe Biennale Miniatury, 2019<br \/>\n&#8211; Warszawa, OW ZPAP, II Og\u00f3lnopolski Konkurs Grafiki Artystycznej Grafiteka 2019, 2019<br \/>\n&#8211; Krak\u00f3w, Muzeum Narodowe &#8211; Gmach G\u0142\u00f3wny, Sztuka Teraz, 2018<br \/>\n&#8211; Pi\u0142a, Galeria Muzeum St.Staszica, 2018<br \/>\n&#8211; Cz\u0119stochowa, Galeria OPK \u201eGaude Mater\u201d, 10.Mi\u0119dzynarodowe Biennale Miniatury, 2018<br \/>\n&#8211; Niemcy, Pforzheim, Galerie Brotzinger Art, 9.Mi\u0119dzynarodowe Biennale Miniatury, 2017<br \/>\n&#8211; \u0141\u00f3d\u017a, Muzeum Miasta \u0141odzi, Czwarty Niezale\u017cny Salon \u0141\u00f3dzkich M\u0142odych Tw\u00f3rc\u00f3w, 2017<br \/>\n&#8211; Tarn\u00f3w, Galeria BWA, 9.Mi\u0119dzynarodowe Biennale Miniatury, 2017<br \/>\n&#8211; \u0141\u00f3d\u017a, Galeria ASP, Czwarty Niezale\u017cny Salon \u0141\u00f3dzkich M\u0142odych Tw\u00f3rc\u00f3w, 2017<br \/>\n&#8211; Warszawa, Galeria Test, 9.Mi\u0119dzynarodowe Biennale Miniatury, 2017<br \/>\n&#8211; \u0141\u00f3d\u017a, Galeria Willa, 16.Mi\u0119dzynarodowe Triennale Ma\u0142e Formy Grafiki, 2017<br \/>\n&#8211; Krak\u00f3w, Nowohuckie Centrum Kultury, 9.Mi\u0119dzynarodowe Biennale Miniatury, 2017<br \/>\n&#8211; D\u0105browa G\u00f3rnicza, Pa\u0142ac Kultury Zag\u0142\u0119bia, 9.Mi\u0119dzynarodowe Biennale Miniatury, 2017<br \/>\n&#8211; Krak\u00f3w, Muzeum Narodowe &#8211; Gmach G\u0142\u00f3wny, Sztuka Teraz, 2016<br \/>\n&#8211; Rumunia, Sfantu Gheorghe, Transylvanian Art Center, The 4th Graphic Art Biennial of Szeklerland, 2016<br \/>\n&#8211; \u0141\u00f3d\u017a, Fabryka Sztuki, I Mi\u0119dzynarodowe Biennale Grafiki, 2016<br \/>\n&#8211; Pi\u0142a, Galeria Muzeum St.Staszica, 9.Mi\u0119dzynarodowe Biennale Miniatury, 2016<br \/>\n&#8211; Rzesz\u00f3w, Galeria Fotografii Miasta Rzeszowa, 9.Mi\u0119dzynarodowe Biennale Miniatury, 2016<br \/>\n&#8211; Cz\u0119stochowa, OPK Gaude Mater, 9.Mi\u0119dzynarodowe Biennale Miniatury, 2016<br \/>\n&#8211; Krak\u00f3w, MCSG, 4 wystawa grafiki cz\u0142onk\u00f3w Stowarzyszenia Mi\u0119dzynarodowe Triennale Grafiki w Krakowie, 2015<br \/>\n&#8211; Belgia, Centrum Polskie w Brukseli, 8.Mi\u0119dzynarodowe Biennale Miniatury, 2015<br \/>\n&#8211; Niemcy, Pforzheim, Galerie Brotzinger Art, 8 Mi\u0119dzynarodowe Biennale Miniatury, 2015<br \/>\n&#8211; Wroc\u0142aw, Galeria pod Plafonem DBP, 8.Mi\u0119dzynarodowe Biennale Miniatury, 2015<br \/>\n&#8211; Krak\u00f3w, Nowohuckie Centrum Kultury, 8.Mi\u0119dzynarodowe Biennale Miniatury, 2015<br \/>\n&#8211; Rzesz\u00f3w, Galeria Fotografii Miasta Rzeszowa, 8.Mi\u0119dzynarodowe Biennale Miniatury, 2015<br \/>\n&#8211; Tarn\u00f3w, Biuro Wystaw Artystycznych, 8.Mi\u0119dzynarodowe Biennale Miniatury, 2015<br \/>\n&#8211; Pi\u0142a, Galeria Muzeum Stanis\u0142awa Staszica, 8.Mi\u0119dzynarodowe Biennale Miniatury, 2014<br \/>\n&#8211; Krak\u00f3w, MCSG, 3 wystawa grafiki cz\u0142onk\u00f3w Stowarzyszenia Mi\u0119dzynarodowe Triennale Grafiki w Krakowie, 2014<br \/>\n&#8211; Warszawa, Galeria Test, 8.Mi\u0119dzynarodowe Biennale Miniatury, 2014<br \/>\n&#8211; Cz\u0119stochowa, OPK Gaude Mater, 8.Mi\u0119dzynarodowe Biennale Miniatury, 2014<br \/>\n&#8211; \u0141\u00f3d\u017a, Galeria Willa, 15.Mi\u0119dzynarodowe Triennale Ma\u0142e Formy Grafiki, 2014<br \/>\n&#8211; Krak\u00f3w, MCSG, 2 wystawa grafiki cz\u0142onk\u00f3w Stowarzyszenia Mi\u0119dzynarodowe Triennale Grafiki w Krakowie, 2013<br \/>\n&#8211; \u0141\u00f3d\u017a, Wystawa student\u00f3w Pracowni Technik Wkl\u0119s\u0142odrukowych z lat 2010-2012 Akademii Sztuk Pi\u0119knych im. W\u0142.Strzemi\u0144skiego w \u0141odzi, 2012<br \/>\n&#8211; \u0141\u00f3d\u017a, Galeria Amcor, V Konkurs na ma\u0142\u0105 form\u0119 graficzn\u0105 dla student\u00f3w Akademii Sztuk Pi\u0119knych im. W\u0142. Strzemi\u0144skiego w \u0141odzi, 2011<\/p>\n","protected":false},"excerpt":{"rendered":"<p>Sebastian Skowro\u0144ski, pseud.Fojbos (ur.1976, \u0141\u00f3d\u017a), w 2011 roku uko\u0144czy\u0142 Akademi\u0119 Sztuk Pi\u0119knych im. W\u0142adys\u0142awa Strzemi\u0144skiego w \u0141odzi, gdzie obroni\u0142 dyplom magisterski w Pracowni Technik Drzeworytniczych i Ksi\u0105\u017cki Artystycznej oraz wykona\u0142 aneks z malarstwa u prof. Andrzeja Mariana Bartczaka. Na co dzie\u0144, zawodowo realizuje si\u0119 we w\u0142asnej pracowni. Tworzy w zakresie grafiki warsztatowej, rysunku, malarstwa i [&hellip;]<\/p>\n","protected":false},"author":1,"featured_media":0,"comment_status":"closed","ping_status":"open","sticky":false,"template":"","format":"standard","meta":{"_monsterinsights_skip_tracking":false,"_monsterinsights_sitenote_active":false,"_monsterinsights_sitenote_note":"","_monsterinsights_sitenote_category":0,"ocean_post_layout":"","ocean_both_sidebars_style":"","ocean_both_sidebars_content_width":0,"ocean_both_sidebars_sidebars_width":0,"ocean_sidebar":"","ocean_second_sidebar":"","ocean_disable_margins":"enable","ocean_add_body_class":"","ocean_shortcode_before_top_bar":"","ocean_shortcode_after_top_bar":"","ocean_shortcode_before_header":"","ocean_shortcode_after_header":"","ocean_has_shortcode":"","ocean_shortcode_after_title":"","ocean_shortcode_before_footer_widgets":"","ocean_shortcode_after_footer_widgets":"","ocean_shortcode_before_footer_bottom":"","ocean_shortcode_after_footer_bottom":"","ocean_display_top_bar":"default","ocean_display_header":"default","ocean_header_style":"","ocean_center_header_left_menu":"","ocean_custom_header_template":"","ocean_custom_logo":0,"ocean_custom_retina_logo":0,"ocean_custom_logo_max_width":0,"ocean_custom_logo_tablet_max_width":0,"ocean_custom_logo_mobile_max_width":0,"ocean_custom_logo_max_height":0,"ocean_custom_logo_tablet_max_height":0,"ocean_custom_logo_mobile_max_height":0,"ocean_header_custom_menu":"","ocean_menu_typo_font_family":"","ocean_menu_typo_font_subset":"","ocean_menu_typo_font_size":0,"ocean_menu_typo_font_size_tablet":0,"ocean_menu_typo_font_size_mobile":0,"ocean_menu_typo_font_size_unit":"px","ocean_menu_typo_font_weight":"","ocean_menu_typo_font_weight_tablet":"","ocean_menu_typo_font_weight_mobile":"","ocean_menu_typo_transform":"","ocean_menu_typo_transform_tablet":"","ocean_menu_typo_transform_mobile":"","ocean_menu_typo_line_height":0,"ocean_menu_typo_line_height_tablet":0,"ocean_menu_typo_line_height_mobile":0,"ocean_menu_typo_line_height_unit":"","ocean_menu_typo_spacing":0,"ocean_menu_typo_spacing_tablet":0,"ocean_menu_typo_spacing_mobile":0,"ocean_menu_typo_spacing_unit":"","ocean_menu_link_color":"","ocean_menu_link_color_hover":"","ocean_menu_link_color_active":"","ocean_menu_link_background":"","ocean_menu_link_hover_background":"","ocean_menu_link_active_background":"","ocean_menu_social_links_bg":"","ocean_menu_social_hover_links_bg":"","ocean_menu_social_links_color":"","ocean_menu_social_hover_links_color":"","ocean_disable_title":"default","ocean_disable_heading":"default","ocean_post_title":"","ocean_post_subheading":"","ocean_post_title_style":"","ocean_post_title_background_color":"","ocean_post_title_background":0,"ocean_post_title_bg_image_position":"","ocean_post_title_bg_image_attachment":"","ocean_post_title_bg_image_repeat":"","ocean_post_title_bg_image_size":"","ocean_post_title_height":0,"ocean_post_title_bg_overlay":0.5,"ocean_post_title_bg_overlay_color":"","ocean_disable_breadcrumbs":"default","ocean_breadcrumbs_color":"","ocean_breadcrumbs_separator_color":"","ocean_breadcrumbs_links_color":"","ocean_breadcrumbs_links_hover_color":"","ocean_display_footer_widgets":"default","ocean_display_footer_bottom":"default","ocean_custom_footer_template":"","_jetpack_memberships_contains_paid_content":false,"ocean_post_oembed":"","ocean_post_self_hosted_media":"","ocean_post_video_embed":"","ocean_link_format":"","ocean_link_format_target":"self","ocean_quote_format":"","ocean_quote_format_link":"post","ocean_gallery_link_images":"on","ocean_gallery_id":[],"footnotes":"","jetpack_publicize_message":"","jetpack_publicize_feature_enabled":true,"jetpack_social_post_already_shared":true,"jetpack_social_options":{"image_generator_settings":{"template":"highway","default_image_id":0,"font":"","enabled":false},"version":2}},"categories":[132,131],"tags":[134,133,147],"class_list":["post-1579","post","type-post","status-publish","format-standard","hentry","category-biografia","category-info","tag-biografia","tag-fojbos","tag-osiagniecia","entry","owp-thumbs-layout-horizontal","owp-btn-normal","owp-tabs-layout-horizontal","has-no-thumbnails","has-product-nav"],"aioseo_notices":[],"jetpack_publicize_connections":[],"jetpack_featured_media_url":"","jetpack_sharing_enabled":true,"_links":{"self":[{"href":"https:\/\/sebastianskowronski.com\/cms\/wp-json\/wp\/v2\/posts\/1579","targetHints":{"allow":["GET"]}}],"collection":[{"href":"https:\/\/sebastianskowronski.com\/cms\/wp-json\/wp\/v2\/posts"}],"about":[{"href":"https:\/\/sebastianskowronski.com\/cms\/wp-json\/wp\/v2\/types\/post"}],"author":[{"embeddable":true,"href":"https:\/\/sebastianskowronski.com\/cms\/wp-json\/wp\/v2\/users\/1"}],"replies":[{"embeddable":true,"href":"https:\/\/sebastianskowronski.com\/cms\/wp-json\/wp\/v2\/comments?post=1579"}],"version-history":[{"count":11,"href":"https:\/\/sebastianskowronski.com\/cms\/wp-json\/wp\/v2\/posts\/1579\/revisions"}],"predecessor-version":[{"id":1614,"href":"https:\/\/sebastianskowronski.com\/cms\/wp-json\/wp\/v2\/posts\/1579\/revisions\/1614"}],"wp:attachment":[{"href":"https:\/\/sebastianskowronski.com\/cms\/wp-json\/wp\/v2\/media?parent=1579"}],"wp:term":[{"taxonomy":"category","embeddable":true,"href":"https:\/\/sebastianskowronski.com\/cms\/wp-json\/wp\/v2\/categories?post=1579"},{"taxonomy":"post_tag","embeddable":true,"href":"https:\/\/sebastianskowronski.com\/cms\/wp-json\/wp\/v2\/tags?post=1579"}],"curies":[{"name":"wp","href":"https:\/\/api.w.org\/{rel}","templated":true}]}}